{"id":670,"date":"2024-10-23T01:17:23","date_gmt":"2024-10-23T04:17:23","guid":{"rendered":"https:\/\/eventosemsp.com.br\/blog\/festas-de-casamento-acessiveis-em-sao-paulo-4\/"},"modified":"2024-10-23T01:17:23","modified_gmt":"2024-10-23T04:17:23","slug":"festas-de-casamento-acessiveis-em-sao-paulo-4","status":"publish","type":"post","link":"https:\/\/www.eventosemsp.com.br\/blog\/festas-de-casamento-acessiveis-em-sao-paulo-4\/","title":{"rendered":"Festas de casamento acess\u00edveis em S\u00e3o Paulo"},"content":{"rendered":"<h2>Festas de Casamento Acess\u00edveis em S\u00e3o Paulo<\/h2>\n<h3>Introdu\u00e7\u00e3o<\/h3>\n<p>Realizar o sonho do casamento em S\u00e3o Paulo, uma cidade vibrante e cheia de op\u00e7\u00f5es, pode parecer um desafio para casais que buscam por <strong>festas de casamento acess\u00edveis<\/strong>. <strong>No entanto<\/strong>, acredite, \u00e9 poss\u00edvel celebrar o amor sem gastar uma fortuna! Neste artigo, desvendaremos dicas e ideias para realizar um casamento inesquec\u00edvel e <strong>acess\u00edvel<\/strong> sem comprometer o or\u00e7amento.<\/p>\n<h2>Casamento Econ\u00f4mico em SP: Realidade Poss\u00edvel<\/h2>\n<p>Planejar um casamento envolve diversos custos, o que pode gerar ansiedade nos noivos. <strong>Mas<\/strong> a boa not\u00edcia \u00e9 que, com criatividade e planejamento, \u00e9 poss\u00edvel realizar um casamento lindo, <strong>acess\u00edvel<\/strong> e econ\u00f4mico em S\u00e3o Paulo. <strong>Acima de tudo<\/strong>, a chave est\u00e1 em pesquisar, comparar pre\u00e7os e fazer escolhas inteligentes que se encaixem no seu or\u00e7amento. <\/p>\n<p><strong>Portanto<\/strong>, definir um or\u00e7amento detalhado e realista \u00e9 o primeiro passo. Priorize o que \u00e9 realmente importante para voc\u00eas e explorem alternativas criativas para reduzir gastos sem abrir m\u00e3o do charme e da personalidade. <\/p>\n<h3>Planejando seu Casamento Acess\u00edvel: Dicas que Fazem a Diferen\u00e7a<\/h3>\n<h3>Entendendo seus Custos:<\/h3>\n<li><strong>Em primeiro lugar<\/strong>, comece definindo o n\u00famero de convidados, pois este fator impacta diretamente no or\u00e7amento final. Uma celebra\u00e7\u00e3o intimista para um n\u00famero reduzido de pessoas j\u00e1 garante uma economia significativa.<\/li>\n<li><strong>Al\u00e9m disso<\/strong>, explore tamb\u00e9m a possibilidade de realizar o casamento em dias da semana ou fora da alta temporada, garantindo pre\u00e7os mais atrativos.<\/li>\n<h3>Criatividade e Personaliza\u00e7\u00e3o:<\/h3>\n<li><strong>Em vez de<\/strong> contratar diversos fornecedores,  aposte em servi\u00e7os mais completos, como espa\u00e7os que j\u00e1 ofere\u00e7am buffet e decora\u00e7\u00e3o. <\/li>\n<li><strong>Da mesma forma<\/strong>, personalizar a decora\u00e7\u00e3o com DIY e contar com o talento de amigos e familiares tamb\u00e9m garante economia e um toque \u00fanico ao evento.<\/li>\n<h2>Celebrando o Amor com um Casamento Acess\u00edvel: Solu\u00e7\u00f5es Criativas<\/h2>\n<h3>Tecnologia a Seu Favor:<\/h3>\n<li>Plataformas online oferecem diversas ferramentas gratuitas para organizar as tarefas do casamento, <strong>como<\/strong> checklists, planilhas de or\u00e7amento e sites personalizados para comunicar com os convidados. <a href=\"https:\/\/agenciarobotics.com.br\/agencia-de-marketing-digital-construindo-relacionamentos\/\">Construindo relacionamentos<\/a> com os convidados \u00e9 fundamental. <\/li>\n<li><strong>Portanto<\/strong>, explore essas ferramentas e otimize seu tempo e recursos.<\/li>\n<h3>Lembran\u00e7as Personalizadas:<\/h3>\n<li>As lembrancinhas s\u00e3o um gesto carinhoso para agradecer a presen\u00e7a dos convidados, <strong>mas<\/strong> n\u00e3o precisam ser caras.<\/li>\n<li><strong>Nesse sentido<\/strong>, explore op\u00e7\u00f5es criativas e personalizadas, <strong>como<\/strong> doces caseiros, mudas de plantas ou artesanatos feitos por voc\u00eas mesmos.<\/li>\n<h2>Conclus\u00e3o:<\/h2>\n<p>Organizar um casamento acess\u00edvel em S\u00e3o Paulo \u00e9 poss\u00edvel com planejamento, criatividade e  priorizando o que realmente importa para voc\u00eas. <strong>Lembre-se:<\/strong> o mais importante \u00e9 celebrar o amor ao lado de pessoas queridas, e isso n\u00e3o tem pre\u00e7o! <strong>Dessa forma<\/strong>, comece a planejar seu grande dia com anteced\u00eancia e aproveite cada etapa dessa jornada especial. Para mais dicas de como organizar um casamento inesquec\u00edvel, acesse: <a href=\"https:\/\/agenciarobotics.com.br\/agencia-de-marketing-digital-convertendo-leads-em-clientes-com-eficiencia\/\">clique aqui<\/a>. <\/p>\n","protected":false},"excerpt":{"rendered":"<p>Festas de Casamento Acess\u00edveis em S\u00e3o Paulo Introdu\u00e7\u00e3o Realizar o sonho do casamento em S\u00e3o Paulo, uma cidade vibrante e cheia de op\u00e7\u00f5es, pode parecer&hellip;<\/p>\n","protected":false},"author":1,"featured_media":0,"comment_status":"","ping_status":"","sticky":false,"template":"","format":"standard","meta":{"footnotes":""},"categories":[1],"tags":[],"class_list":["post-670","post","type-post","status-publish","format-standard","hentry","category-shows",""],"yoast_head":"<!-- This site is optimized with the Yoast SEO Premium plugin v25.9 (Yoast SEO v23.5) - https:\/\/yoast.com\/wordpress\/plugins\/seo\/ -->\n<title>Festas de casamento acess\u00edveis em S\u00e3o Paulo - Eventos em SP<\/title>\n<meta name=\"robots\" content=\"index, follow, max-snippet:-1, max-image-preview:large, max-video-preview:-1\" \/>\n<link rel=\"canonical\" href=\"https:\/\/www.eventosemsp.com.br\/blog\/festas-de-casamento-acessiveis-em-sao-paulo-4\/\" \/>\n<meta property=\"og:locale\" content=\"pt_BR\" \/>\n<meta property=\"og:type\" content=\"article\" \/>\n<meta property=\"og:title\" content=\"Festas de casamento acess\u00edveis em S\u00e3o Paulo - Eventos em SP\" \/>\n<meta property=\"og:description\" content=\"Festas de Casamento Acess\u00edveis em S\u00e3o Paulo Introdu\u00e7\u00e3o Realizar o sonho do casamento em S\u00e3o Paulo, uma cidade vibrante e cheia de op\u00e7\u00f5es, pode parecer&hellip;\" \/>\n<meta property=\"og:url\" content=\"https:\/\/www.eventosemsp.com.br\/blog\/festas-de-casamento-acessiveis-em-sao-paulo-4\/\" \/>\n<meta property=\"og:site_name\" content=\"Eventos em SP\" \/>\n<meta property=\"article:published_time\" content=\"2024-10-23T04:17:23+00:00\" \/>\n<meta property=\"og:image\" content=\"https:\/\/www.eventosemsp.com.br\/blog\/wp-content\/uploads\/2023\/03\/img-h2-e1684274979287.jpg\" \/>\n\t<meta property=\"og:image:width\" content=\"861\" \/>\n\t<meta property=\"og:image:height\" content=\"484\" \/>\n\t<meta property=\"og:image:type\" content=\"image\/jpeg\" \/>\n<meta name=\"author\" content=\"admin\" \/>\n<meta name=\"twitter:card\" content=\"summary_large_image\" \/>\n<meta name=\"twitter:label1\" content=\"Escrito por\" \/>\n\t<meta name=\"twitter:data1\" content=\"admin\" \/>\n\t<meta name=\"twitter:label2\" content=\"Est. tempo de leitura\" \/>\n\t<meta name=\"twitter:data2\" content=\"2 minutos\" \/>\n<script type=\"application\/ld+json\" class=\"yoast-schema-graph\">{\"@context\":\"https:\/\/schema.org\",\"@graph\":[{\"@type\":\"Article\",\"@id\":\"https:\/\/www.eventosemsp.com.br\/blog\/festas-de-casamento-acessiveis-em-sao-paulo-4\/#article\",\"isPartOf\":{\"@id\":\"https:\/\/www.eventosemsp.com.br\/blog\/festas-de-casamento-acessiveis-em-sao-paulo-4\/\"},\"author\":{\"name\":\"admin\",\"@id\":\"https:\/\/www.eventosemsp.com.br\/blog\/#\/schema\/person\/641201704699678f232e4c8b010c745d\"},\"headline\":\"Festas de casamento acess\u00edveis em S\u00e3o Paulo\",\"datePublished\":\"2024-10-23T04:17:23+00:00\",\"dateModified\":\"2024-10-23T04:17:23+00:00\",\"mainEntityOfPage\":{\"@id\":\"https:\/\/www.eventosemsp.com.br\/blog\/festas-de-casamento-acessiveis-em-sao-paulo-4\/\"},\"wordCount\":492,\"publisher\":{\"@id\":\"https:\/\/www.eventosemsp.com.br\/blog\/#organization\"},\"articleSection\":[\"Shows\"],\"inLanguage\":\"pt-BR\"},{\"@type\":\"WebPage\",\"@id\":\"https:\/\/www.eventosemsp.com.br\/blog\/festas-de-casamento-acessiveis-em-sao-paulo-4\/\",\"url\":\"https:\/\/www.eventosemsp.com.br\/blog\/festas-de-casamento-acessiveis-em-sao-paulo-4\/\",\"name\":\"Festas de casamento acess\u00edveis em S\u00e3o Paulo - Eventos em SP\",\"isPartOf\":{\"@id\":\"https:\/\/www.eventosemsp.com.br\/blog\/#website\"},\"datePublished\":\"2024-10-23T04:17:23+00:00\",\"dateModified\":\"2024-10-23T04:17:23+00:00\",\"breadcrumb\":{\"@id\":\"https:\/\/www.eventosemsp.com.br\/blog\/festas-de-casamento-acessiveis-em-sao-paulo-4\/#breadcrumb\"},\"inLanguage\":\"pt-BR\",\"potentialAction\":[{\"@type\":\"ReadAction\",\"target\":[\"https:\/\/www.eventosemsp.com.br\/blog\/festas-de-casamento-acessiveis-em-sao-paulo-4\/\"]}]},{\"@type\":\"BreadcrumbList\",\"@id\":\"https:\/\/www.eventosemsp.com.br\/blog\/festas-de-casamento-acessiveis-em-sao-paulo-4\/#breadcrumb\",\"itemListElement\":[{\"@type\":\"ListItem\",\"position\":1,\"name\":\"In\u00edcio\",\"item\":\"https:\/\/www.eventosemsp.com.br\/blog\/\"},{\"@type\":\"ListItem\",\"position\":2,\"name\":\"Festas de casamento acess\u00edveis em S\u00e3o Paulo\"}]},{\"@type\":\"WebSite\",\"@id\":\"https:\/\/www.eventosemsp.com.br\/blog\/#website\",\"url\":\"https:\/\/www.eventosemsp.com.br\/blog\/\",\"name\":\"Eventos em SP\",\"description\":\"Ag\u00eancia de Eventos Corporativos\",\"publisher\":{\"@id\":\"https:\/\/www.eventosemsp.com.br\/blog\/#organization\"},\"potentialAction\":[{\"@type\":\"SearchAction\",\"target\":{\"@type\":\"EntryPoint\",\"urlTemplate\":\"https:\/\/www.eventosemsp.com.br\/blog\/?s={search_term_string}\"},\"query-input\":{\"@type\":\"PropertyValueSpecification\",\"valueRequired\":true,\"valueName\":\"search_term_string\"}}],\"inLanguage\":\"pt-BR\"},{\"@type\":\"Organization\",\"@id\":\"https:\/\/www.eventosemsp.com.br\/blog\/#organization\",\"name\":\"Eventos em SP\",\"alternateName\":\"Ag\u00eancia de Eventos Corporativos em SP\",\"url\":\"https:\/\/www.eventosemsp.com.br\/blog\/\",\"logo\":{\"@type\":\"ImageObject\",\"inLanguage\":\"pt-BR\",\"@id\":\"https:\/\/www.eventosemsp.com.br\/blog\/#\/schema\/logo\/image\/\",\"url\":\"https:\/\/eventosemsp.com.br\/blog\/wp-content\/uploads\/2023\/03\/img-h2-e1684274979287.jpg\",\"contentUrl\":\"https:\/\/eventosemsp.com.br\/blog\/wp-content\/uploads\/2023\/03\/img-h2-e1684274979287.jpg\",\"width\":861,\"height\":484,\"caption\":\"Eventos em SP\"},\"image\":{\"@id\":\"https:\/\/www.eventosemsp.com.br\/blog\/#\/schema\/logo\/image\/\"}},{\"@type\":\"Person\",\"@id\":\"https:\/\/www.eventosemsp.com.br\/blog\/#\/schema\/person\/641201704699678f232e4c8b010c745d\",\"name\":\"admin\",\"image\":{\"@type\":\"ImageObject\",\"inLanguage\":\"pt-BR\",\"@id\":\"https:\/\/www.eventosemsp.com.br\/blog\/#\/schema\/person\/image\/\",\"url\":\"https:\/\/secure.gravatar.com\/avatar\/ae92580851fb03298934a1b9611b38c6dbe9c76ce20ff6d3222955b1fd38e5da?s=96&d=mm&r=g\",\"contentUrl\":\"https:\/\/secure.gravatar.com\/avatar\/ae92580851fb03298934a1b9611b38c6dbe9c76ce20ff6d3222955b1fd38e5da?s=96&d=mm&r=g\",\"caption\":\"admin\"},\"sameAs\":[\"https:\/\/eventosemsp.com.br\/blog\"],\"url\":\"https:\/\/www.eventosemsp.com.br\/blog\/author\/admin\/\"}]}<\/script>\n<!-- \/ Yoast SEO Premium plugin. -->","yoast_head_json":{"title":"Festas de casamento acess\u00edveis em S\u00e3o Paulo - Eventos em SP","robots":{"index":"index","follow":"follow","max-snippet":"max-snippet:-1","max-image-preview":"max-image-preview:large","max-video-preview":"max-video-preview:-1"},"canonical":"https:\/\/www.eventosemsp.com.br\/blog\/festas-de-casamento-acessiveis-em-sao-paulo-4\/","og_locale":"pt_BR","og_type":"article","og_title":"Festas de casamento acess\u00edveis em S\u00e3o Paulo - Eventos em SP","og_description":"Festas de Casamento Acess\u00edveis em S\u00e3o Paulo Introdu\u00e7\u00e3o Realizar o sonho do casamento em S\u00e3o Paulo, uma cidade vibrante e cheia de op\u00e7\u00f5es, pode parecer&hellip;","og_url":"https:\/\/www.eventosemsp.com.br\/blog\/festas-de-casamento-acessiveis-em-sao-paulo-4\/","og_site_name":"Eventos em SP","article_published_time":"2024-10-23T04:17:23+00:00","og_image":[{"width":861,"height":484,"url":"https:\/\/www.eventosemsp.com.br\/blog\/wp-content\/uploads\/2023\/03\/img-h2-e1684274979287.jpg","type":"image\/jpeg"}],"author":"admin","twitter_card":"summary_large_image","twitter_misc":{"Escrito por":"admin","Est. tempo de leitura":"2 minutos"},"schema":{"@context":"https:\/\/schema.org","@graph":[{"@type":"Article","@id":"https:\/\/www.eventosemsp.com.br\/blog\/festas-de-casamento-acessiveis-em-sao-paulo-4\/#article","isPartOf":{"@id":"https:\/\/www.eventosemsp.com.br\/blog\/festas-de-casamento-acessiveis-em-sao-paulo-4\/"},"author":{"name":"admin","@id":"https:\/\/www.eventosemsp.com.br\/blog\/#\/schema\/person\/641201704699678f232e4c8b010c745d"},"headline":"Festas de casamento acess\u00edveis em S\u00e3o Paulo","datePublished":"2024-10-23T04:17:23+00:00","dateModified":"2024-10-23T04:17:23+00:00","mainEntityOfPage":{"@id":"https:\/\/www.eventosemsp.com.br\/blog\/festas-de-casamento-acessiveis-em-sao-paulo-4\/"},"wordCount":492,"publisher":{"@id":"https:\/\/www.eventosemsp.com.br\/blog\/#organization"},"articleSection":["Shows"],"inLanguage":"pt-BR"},{"@type":"WebPage","@id":"https:\/\/www.eventosemsp.com.br\/blog\/festas-de-casamento-acessiveis-em-sao-paulo-4\/","url":"https:\/\/www.eventosemsp.com.br\/blog\/festas-de-casamento-acessiveis-em-sao-paulo-4\/","name":"Festas de casamento acess\u00edveis em S\u00e3o Paulo - Eventos em SP","isPartOf":{"@id":"https:\/\/www.eventosemsp.com.br\/blog\/#website"},"datePublished":"2024-10-23T04:17:23+00:00","dateModified":"2024-10-23T04:17:23+00:00","breadcrumb":{"@id":"https:\/\/www.eventosemsp.com.br\/blog\/festas-de-casamento-acessiveis-em-sao-paulo-4\/#breadcrumb"},"inLanguage":"pt-BR","potentialAction":[{"@type":"ReadAction","target":["https:\/\/www.eventosemsp.com.br\/blog\/festas-de-casamento-acessiveis-em-sao-paulo-4\/"]}]},{"@type":"BreadcrumbList","@id":"https:\/\/www.eventosemsp.com.br\/blog\/festas-de-casamento-acessiveis-em-sao-paulo-4\/#breadcrumb","itemListElement":[{"@type":"ListItem","position":1,"name":"In\u00edcio","item":"https:\/\/www.eventosemsp.com.br\/blog\/"},{"@type":"ListItem","position":2,"name":"Festas de casamento acess\u00edveis em S\u00e3o Paulo"}]},{"@type":"WebSite","@id":"https:\/\/www.eventosemsp.com.br\/blog\/#website","url":"https:\/\/www.eventosemsp.com.br\/blog\/","name":"Eventos em SP","description":"Ag\u00eancia de Eventos Corporativos","publisher":{"@id":"https:\/\/www.eventosemsp.com.br\/blog\/#organization"},"potentialAction":[{"@type":"SearchAction","target":{"@type":"EntryPoint","urlTemplate":"https:\/\/www.eventosemsp.com.br\/blog\/?s={search_term_string}"},"query-input":{"@type":"PropertyValueSpecification","valueRequired":true,"valueName":"search_term_string"}}],"inLanguage":"pt-BR"},{"@type":"Organization","@id":"https:\/\/www.eventosemsp.com.br\/blog\/#organization","name":"Eventos em SP","alternateName":"Ag\u00eancia de Eventos Corporativos em SP","url":"https:\/\/www.eventosemsp.com.br\/blog\/","logo":{"@type":"ImageObject","inLanguage":"pt-BR","@id":"https:\/\/www.eventosemsp.com.br\/blog\/#\/schema\/logo\/image\/","url":"https:\/\/eventosemsp.com.br\/blog\/wp-content\/uploads\/2023\/03\/img-h2-e1684274979287.jpg","contentUrl":"https:\/\/eventosemsp.com.br\/blog\/wp-content\/uploads\/2023\/03\/img-h2-e1684274979287.jpg","width":861,"height":484,"caption":"Eventos em SP"},"image":{"@id":"https:\/\/www.eventosemsp.com.br\/blog\/#\/schema\/logo\/image\/"}},{"@type":"Person","@id":"https:\/\/www.eventosemsp.com.br\/blog\/#\/schema\/person\/641201704699678f232e4c8b010c745d","name":"admin","image":{"@type":"ImageObject","inLanguage":"pt-BR","@id":"https:\/\/www.eventosemsp.com.br\/blog\/#\/schema\/person\/image\/","url":"https:\/\/secure.gravatar.com\/avatar\/ae92580851fb03298934a1b9611b38c6dbe9c76ce20ff6d3222955b1fd38e5da?s=96&d=mm&r=g","contentUrl":"https:\/\/secure.gravatar.com\/avatar\/ae92580851fb03298934a1b9611b38c6dbe9c76ce20ff6d3222955b1fd38e5da?s=96&d=mm&r=g","caption":"admin"},"sameAs":["https:\/\/eventosemsp.com.br\/blog"],"url":"https:\/\/www.eventosemsp.com.br\/blog\/author\/admin\/"}]}},"_links":{"self":[{"href":"https:\/\/www.eventosemsp.com.br\/blog\/wp-json\/wp\/v2\/posts\/670","targetHints":{"allow":["GET"]}}],"collection":[{"href":"https:\/\/www.eventosemsp.com.br\/blog\/wp-json\/wp\/v2\/posts"}],"about":[{"href":"https:\/\/www.eventosemsp.com.br\/blog\/wp-json\/wp\/v2\/types\/post"}],"author":[{"embeddable":true,"href":"https:\/\/www.eventosemsp.com.br\/blog\/wp-json\/wp\/v2\/users\/1"}],"replies":[{"embeddable":true,"href":"https:\/\/www.eventosemsp.com.br\/blog\/wp-json\/wp\/v2\/comments?post=670"}],"version-history":[{"count":0,"href":"https:\/\/www.eventosemsp.com.br\/blog\/wp-json\/wp\/v2\/posts\/670\/revisions"}],"wp:attachment":[{"href":"https:\/\/www.eventosemsp.com.br\/blog\/wp-json\/wp\/v2\/media?parent=670"}],"wp:term":[{"taxonomy":"category","embeddable":true,"href":"https:\/\/www.eventosemsp.com.br\/blog\/wp-json\/wp\/v2\/categories?post=670"},{"taxonomy":"post_tag","embeddable":true,"href":"https:\/\/www.eventosemsp.com.br\/blog\/wp-json\/wp\/v2\/tags?post=670"}],"curies":[{"name":"wp","href":"https:\/\/api.w.org\/{rel}","templated":true}]}}