{"id":689,"date":"2024-10-27T00:01:40","date_gmt":"2024-10-27T03:01:40","guid":{"rendered":"https:\/\/eventosemsp.com.br\/blog\/agencia-de-eventos-corporativos-em-sao-paulo-52\/"},"modified":"2024-10-27T00:01:40","modified_gmt":"2024-10-27T03:01:40","slug":"agencia-de-eventos-corporativos-em-sao-paulo-52","status":"publish","type":"post","link":"https:\/\/www.eventosemsp.com.br\/blog\/agencia-de-eventos-corporativos-em-sao-paulo-52\/","title":{"rendered":"Ag\u00eancia de eventos corporativos em S\u00e3o Paulo"},"content":{"rendered":"<h2>Ag\u00eancia de Eventos Corporativos em S\u00e3o Paulo<\/h2>\n<h3>Introdu\u00e7\u00e3o<\/h3>\n<p>Organizar um evento corporativo de sucesso em S\u00e3o Paulo exige tempo, expertise e uma rede de contatos consolidada. **No entanto,** da escolha do local \u00e0 log\u00edstica do grande dia, s\u00e3o in\u00fameros detalhes que podem se tornar um desafio para empresas que buscam resultados impactantes. **Nesse contexto,** contratar uma <a href=\"https:\/\/agenciarobotics.com.br\/agencia-de-marketing-digital-construindo-relacionamentos\/\">ag\u00eancia de eventos corporativos<\/a> em S\u00e3o Paulo se torna a solu\u00e7\u00e3o ideal.<\/p>\n<h3>Por que contratar uma ag\u00eancia de eventos?<\/h3>\n<p>Planejar um evento corporativo vai muito al\u00e9m de apenas reservar um espa\u00e7o e convidar os participantes. **Na verdade,** envolve uma s\u00e9rie de etapas complexas, como:<\/p>\n<li>Definir objetivos claros.<\/li>\n<li>Gerenciar or\u00e7amentos.<\/li>\n<li>Contratar fornecedores.<\/li>\n<li>Criar cronogramas.<\/li>\n<li>Garantir que tudo ocorra como planejado no dia do evento.<\/li>\n<p>Uma ag\u00eancia especializada possui a expertise para lidar com cada etapa, proporcionando tranquilidade e resultados eficientes. **Ou seja,** ao delegar a organiza\u00e7\u00e3o a profissionais experientes, sua empresa se beneficia de um planejamento estrat\u00e9gico, otimiza\u00e7\u00e3o de recursos e a garantia de um evento impec\u00e1vel. **Consequentemente,** voc\u00ea transmite a mensagem desejada, fortalece a marca e gera oportunidades de neg\u00f3cio.<\/p>\n<h3>Entendendo o universo dos eventos corporativos<\/h3>\n<p>Eventos corporativos s\u00e3o ferramentas poderosas para alcan\u00e7ar diferentes objetivos, **por exemplo**:<\/p>\n<li>Lan\u00e7amento de produtos.<\/li>\n<li>Integra\u00e7\u00e3o de equipes.<\/li>\n<li>Treinamentos.<\/li>\n<li>Palestras.<\/li>\n<li>Premia\u00e7\u00f5es.<\/li>\n<p>**E muito mais!**<\/p>\n<p>Cada tipo de evento exige um planejamento personalizado e adaptado \u00e0s necessidades espec\u00edficas da empresa, considerando o p\u00fablico-alvo, formato, mensagem e resultados esperados.<\/p>\n<p>Uma ag\u00eancia de eventos corporativos em S\u00e3o Paulo conhece as \u00faltimas tend\u00eancias do mercado e possui expertise para desenvolver projetos inovadores e personalizados. **Seja** um evento intimista **ou** de grande porte, a equipe de profissionais atua em conjunto para criar uma experi\u00eancia \u00fanica e memor\u00e1vel para os participantes.<\/p>\n<h3>Encontrando a ag\u00eancia ideal para o seu evento<\/h3>\n<p>A escolha da ag\u00eancia de eventos corporativos ideal \u00e9 crucial para o sucesso do seu evento. **Portanto,** \u00e9 importante buscar por empresas com:<\/p>\n<li>Experi\u00eancia comprovada no mercado.<\/li>\n<li>Portf\u00f3lio consistente.<\/li>\n<li>Equipe especializada em diferentes \u00e1reas, como planejamento, log\u00edstica, comunica\u00e7\u00e3o e cria\u00e7\u00e3o.<\/li>\n<p>**Al\u00e9m disso,** busque refer\u00eancias, converse com clientes anteriores e avalie cuidadosamente as propostas e or\u00e7amentos. Uma boa <a href=\"https:\/\/agenciarobotics.com.br\/agencia-de-marketing-digital-convertendo-leads-em-clientes-com-eficiencia\/\">ag\u00eancia de eventos<\/a> estar\u00e1 ao seu lado durante todo o processo, desde a concep\u00e7\u00e3o do projeto at\u00e9 a execu\u00e7\u00e3o impec\u00e1vel no dia do evento.<\/p>\n<h3>Conclus\u00e3o<\/h3>\n<p>Contratar uma ag\u00eancia de eventos corporativos em S\u00e3o Paulo \u00e9 a garantia de um evento impec\u00e1vel, estrat\u00e9gico e alinhado com os objetivos da sua empresa. **Em outras palavras,** ao delegar as tarefas a profissionais experientes, voc\u00ea economiza tempo, reduz o estresse e se concentra no que realmente importa: seus neg\u00f3cios. Invista em uma ag\u00eancia de confian\u00e7a e colha os frutos de um evento memor\u00e1vel e bem-sucedido. <\/p>\n","protected":false},"excerpt":{"rendered":"<p>Ag\u00eancia de Eventos Corporativos em S\u00e3o Paulo Introdu\u00e7\u00e3o Organizar um evento corporativo de sucesso em S\u00e3o Paulo exige tempo, expertise e uma rede de contatos&hellip;<\/p>\n","protected":false},"author":1,"featured_media":0,"comment_status":"","ping_status":"","sticky":false,"template":"","format":"standard","meta":{"footnotes":""},"categories":[1],"tags":[],"class_list":["post-689","post","type-post","status-publish","format-standard","hentry","category-shows",""],"yoast_head":"<!-- This site is optimized with the Yoast SEO Premium plugin v25.9 (Yoast SEO v23.5) - https:\/\/yoast.com\/wordpress\/plugins\/seo\/ -->\n<title>Ag\u00eancia de eventos corporativos em S\u00e3o Paulo - Eventos em SP<\/title>\n<meta name=\"robots\" content=\"index, follow, max-snippet:-1, max-image-preview:large, max-video-preview:-1\" \/>\n<link rel=\"canonical\" href=\"https:\/\/www.eventosemsp.com.br\/blog\/agencia-de-eventos-corporativos-em-sao-paulo-52\/\" \/>\n<meta property=\"og:locale\" content=\"pt_BR\" \/>\n<meta property=\"og:type\" content=\"article\" \/>\n<meta property=\"og:title\" content=\"Ag\u00eancia de eventos corporativos em S\u00e3o Paulo - Eventos em SP\" \/>\n<meta property=\"og:description\" content=\"Ag\u00eancia de Eventos Corporativos em S\u00e3o Paulo Introdu\u00e7\u00e3o Organizar um evento corporativo de sucesso em S\u00e3o Paulo exige tempo, expertise e uma rede de contatos&hellip;\" \/>\n<meta property=\"og:url\" content=\"https:\/\/www.eventosemsp.com.br\/blog\/agencia-de-eventos-corporativos-em-sao-paulo-52\/\" \/>\n<meta property=\"og:site_name\" content=\"Eventos em SP\" \/>\n<meta property=\"article:published_time\" content=\"2024-10-27T03:01:40+00:00\" \/>\n<meta property=\"og:image\" content=\"https:\/\/www.eventosemsp.com.br\/blog\/wp-content\/uploads\/2023\/03\/img-h2-e1684274979287.jpg\" \/>\n\t<meta property=\"og:image:width\" content=\"861\" \/>\n\t<meta property=\"og:image:height\" content=\"484\" \/>\n\t<meta property=\"og:image:type\" content=\"image\/jpeg\" \/>\n<meta name=\"author\" content=\"admin\" \/>\n<meta name=\"twitter:card\" content=\"summary_large_image\" \/>\n<meta name=\"twitter:label1\" content=\"Escrito por\" \/>\n\t<meta name=\"twitter:data1\" content=\"admin\" \/>\n\t<meta name=\"twitter:label2\" content=\"Est. tempo de leitura\" \/>\n\t<meta name=\"twitter:data2\" content=\"2 minutos\" \/>\n<script type=\"application\/ld+json\" class=\"yoast-schema-graph\">{\"@context\":\"https:\/\/schema.org\",\"@graph\":[{\"@type\":\"Article\",\"@id\":\"https:\/\/www.eventosemsp.com.br\/blog\/agencia-de-eventos-corporativos-em-sao-paulo-52\/#article\",\"isPartOf\":{\"@id\":\"https:\/\/www.eventosemsp.com.br\/blog\/agencia-de-eventos-corporativos-em-sao-paulo-52\/\"},\"author\":{\"name\":\"admin\",\"@id\":\"https:\/\/www.eventosemsp.com.br\/blog\/#\/schema\/person\/641201704699678f232e4c8b010c745d\"},\"headline\":\"Ag\u00eancia de eventos corporativos em S\u00e3o Paulo\",\"datePublished\":\"2024-10-27T03:01:40+00:00\",\"dateModified\":\"2024-10-27T03:01:40+00:00\",\"mainEntityOfPage\":{\"@id\":\"https:\/\/www.eventosemsp.com.br\/blog\/agencia-de-eventos-corporativos-em-sao-paulo-52\/\"},\"wordCount\":493,\"publisher\":{\"@id\":\"https:\/\/www.eventosemsp.com.br\/blog\/#organization\"},\"articleSection\":[\"Shows\"],\"inLanguage\":\"pt-BR\"},{\"@type\":\"WebPage\",\"@id\":\"https:\/\/www.eventosemsp.com.br\/blog\/agencia-de-eventos-corporativos-em-sao-paulo-52\/\",\"url\":\"https:\/\/www.eventosemsp.com.br\/blog\/agencia-de-eventos-corporativos-em-sao-paulo-52\/\",\"name\":\"Ag\u00eancia de eventos corporativos em S\u00e3o Paulo - Eventos em SP\",\"isPartOf\":{\"@id\":\"https:\/\/www.eventosemsp.com.br\/blog\/#website\"},\"datePublished\":\"2024-10-27T03:01:40+00:00\",\"dateModified\":\"2024-10-27T03:01:40+00:00\",\"breadcrumb\":{\"@id\":\"https:\/\/www.eventosemsp.com.br\/blog\/agencia-de-eventos-corporativos-em-sao-paulo-52\/#breadcrumb\"},\"inLanguage\":\"pt-BR\",\"potentialAction\":[{\"@type\":\"ReadAction\",\"target\":[\"https:\/\/www.eventosemsp.com.br\/blog\/agencia-de-eventos-corporativos-em-sao-paulo-52\/\"]}]},{\"@type\":\"BreadcrumbList\",\"@id\":\"https:\/\/www.eventosemsp.com.br\/blog\/agencia-de-eventos-corporativos-em-sao-paulo-52\/#breadcrumb\",\"itemListElement\":[{\"@type\":\"ListItem\",\"position\":1,\"name\":\"In\u00edcio\",\"item\":\"https:\/\/www.eventosemsp.com.br\/blog\/\"},{\"@type\":\"ListItem\",\"position\":2,\"name\":\"Ag\u00eancia de eventos corporativos em S\u00e3o Paulo\"}]},{\"@type\":\"WebSite\",\"@id\":\"https:\/\/www.eventosemsp.com.br\/blog\/#website\",\"url\":\"https:\/\/www.eventosemsp.com.br\/blog\/\",\"name\":\"Eventos em SP\",\"description\":\"Ag\u00eancia de Eventos Corporativos\",\"publisher\":{\"@id\":\"https:\/\/www.eventosemsp.com.br\/blog\/#organization\"},\"potentialAction\":[{\"@type\":\"SearchAction\",\"target\":{\"@type\":\"EntryPoint\",\"urlTemplate\":\"https:\/\/www.eventosemsp.com.br\/blog\/?s={search_term_string}\"},\"query-input\":{\"@type\":\"PropertyValueSpecification\",\"valueRequired\":true,\"valueName\":\"search_term_string\"}}],\"inLanguage\":\"pt-BR\"},{\"@type\":\"Organization\",\"@id\":\"https:\/\/www.eventosemsp.com.br\/blog\/#organization\",\"name\":\"Eventos em SP\",\"alternateName\":\"Ag\u00eancia de Eventos Corporativos em SP\",\"url\":\"https:\/\/www.eventosemsp.com.br\/blog\/\",\"logo\":{\"@type\":\"ImageObject\",\"inLanguage\":\"pt-BR\",\"@id\":\"https:\/\/www.eventosemsp.com.br\/blog\/#\/schema\/logo\/image\/\",\"url\":\"https:\/\/eventosemsp.com.br\/blog\/wp-content\/uploads\/2023\/03\/img-h2-e1684274979287.jpg\",\"contentUrl\":\"https:\/\/eventosemsp.com.br\/blog\/wp-content\/uploads\/2023\/03\/img-h2-e1684274979287.jpg\",\"width\":861,\"height\":484,\"caption\":\"Eventos em SP\"},\"image\":{\"@id\":\"https:\/\/www.eventosemsp.com.br\/blog\/#\/schema\/logo\/image\/\"}},{\"@type\":\"Person\",\"@id\":\"https:\/\/www.eventosemsp.com.br\/blog\/#\/schema\/person\/641201704699678f232e4c8b010c745d\",\"name\":\"admin\",\"image\":{\"@type\":\"ImageObject\",\"inLanguage\":\"pt-BR\",\"@id\":\"https:\/\/www.eventosemsp.com.br\/blog\/#\/schema\/person\/image\/\",\"url\":\"https:\/\/secure.gravatar.com\/avatar\/ae92580851fb03298934a1b9611b38c6dbe9c76ce20ff6d3222955b1fd38e5da?s=96&d=mm&r=g\",\"contentUrl\":\"https:\/\/secure.gravatar.com\/avatar\/ae92580851fb03298934a1b9611b38c6dbe9c76ce20ff6d3222955b1fd38e5da?s=96&d=mm&r=g\",\"caption\":\"admin\"},\"sameAs\":[\"https:\/\/eventosemsp.com.br\/blog\"],\"url\":\"https:\/\/www.eventosemsp.com.br\/blog\/author\/admin\/\"}]}<\/script>\n<!-- \/ Yoast SEO Premium plugin. -->","yoast_head_json":{"title":"Ag\u00eancia de eventos corporativos em S\u00e3o Paulo - Eventos em SP","robots":{"index":"index","follow":"follow","max-snippet":"max-snippet:-1","max-image-preview":"max-image-preview:large","max-video-preview":"max-video-preview:-1"},"canonical":"https:\/\/www.eventosemsp.com.br\/blog\/agencia-de-eventos-corporativos-em-sao-paulo-52\/","og_locale":"pt_BR","og_type":"article","og_title":"Ag\u00eancia de eventos corporativos em S\u00e3o Paulo - Eventos em SP","og_description":"Ag\u00eancia de Eventos Corporativos em S\u00e3o Paulo Introdu\u00e7\u00e3o Organizar um evento corporativo de sucesso em S\u00e3o Paulo exige tempo, expertise e uma rede de contatos&hellip;","og_url":"https:\/\/www.eventosemsp.com.br\/blog\/agencia-de-eventos-corporativos-em-sao-paulo-52\/","og_site_name":"Eventos em SP","article_published_time":"2024-10-27T03:01:40+00:00","og_image":[{"width":861,"height":484,"url":"https:\/\/www.eventosemsp.com.br\/blog\/wp-content\/uploads\/2023\/03\/img-h2-e1684274979287.jpg","type":"image\/jpeg"}],"author":"admin","twitter_card":"summary_large_image","twitter_misc":{"Escrito por":"admin","Est. tempo de leitura":"2 minutos"},"schema":{"@context":"https:\/\/schema.org","@graph":[{"@type":"Article","@id":"https:\/\/www.eventosemsp.com.br\/blog\/agencia-de-eventos-corporativos-em-sao-paulo-52\/#article","isPartOf":{"@id":"https:\/\/www.eventosemsp.com.br\/blog\/agencia-de-eventos-corporativos-em-sao-paulo-52\/"},"author":{"name":"admin","@id":"https:\/\/www.eventosemsp.com.br\/blog\/#\/schema\/person\/641201704699678f232e4c8b010c745d"},"headline":"Ag\u00eancia de eventos corporativos em S\u00e3o Paulo","datePublished":"2024-10-27T03:01:40+00:00","dateModified":"2024-10-27T03:01:40+00:00","mainEntityOfPage":{"@id":"https:\/\/www.eventosemsp.com.br\/blog\/agencia-de-eventos-corporativos-em-sao-paulo-52\/"},"wordCount":493,"publisher":{"@id":"https:\/\/www.eventosemsp.com.br\/blog\/#organization"},"articleSection":["Shows"],"inLanguage":"pt-BR"},{"@type":"WebPage","@id":"https:\/\/www.eventosemsp.com.br\/blog\/agencia-de-eventos-corporativos-em-sao-paulo-52\/","url":"https:\/\/www.eventosemsp.com.br\/blog\/agencia-de-eventos-corporativos-em-sao-paulo-52\/","name":"Ag\u00eancia de eventos corporativos em S\u00e3o Paulo - Eventos em SP","isPartOf":{"@id":"https:\/\/www.eventosemsp.com.br\/blog\/#website"},"datePublished":"2024-10-27T03:01:40+00:00","dateModified":"2024-10-27T03:01:40+00:00","breadcrumb":{"@id":"https:\/\/www.eventosemsp.com.br\/blog\/agencia-de-eventos-corporativos-em-sao-paulo-52\/#breadcrumb"},"inLanguage":"pt-BR","potentialAction":[{"@type":"ReadAction","target":["https:\/\/www.eventosemsp.com.br\/blog\/agencia-de-eventos-corporativos-em-sao-paulo-52\/"]}]},{"@type":"BreadcrumbList","@id":"https:\/\/www.eventosemsp.com.br\/blog\/agencia-de-eventos-corporativos-em-sao-paulo-52\/#breadcrumb","itemListElement":[{"@type":"ListItem","position":1,"name":"In\u00edcio","item":"https:\/\/www.eventosemsp.com.br\/blog\/"},{"@type":"ListItem","position":2,"name":"Ag\u00eancia de eventos corporativos em S\u00e3o Paulo"}]},{"@type":"WebSite","@id":"https:\/\/www.eventosemsp.com.br\/blog\/#website","url":"https:\/\/www.eventosemsp.com.br\/blog\/","name":"Eventos em SP","description":"Ag\u00eancia de Eventos Corporativos","publisher":{"@id":"https:\/\/www.eventosemsp.com.br\/blog\/#organization"},"potentialAction":[{"@type":"SearchAction","target":{"@type":"EntryPoint","urlTemplate":"https:\/\/www.eventosemsp.com.br\/blog\/?s={search_term_string}"},"query-input":{"@type":"PropertyValueSpecification","valueRequired":true,"valueName":"search_term_string"}}],"inLanguage":"pt-BR"},{"@type":"Organization","@id":"https:\/\/www.eventosemsp.com.br\/blog\/#organization","name":"Eventos em SP","alternateName":"Ag\u00eancia de Eventos Corporativos em SP","url":"https:\/\/www.eventosemsp.com.br\/blog\/","logo":{"@type":"ImageObject","inLanguage":"pt-BR","@id":"https:\/\/www.eventosemsp.com.br\/blog\/#\/schema\/logo\/image\/","url":"https:\/\/eventosemsp.com.br\/blog\/wp-content\/uploads\/2023\/03\/img-h2-e1684274979287.jpg","contentUrl":"https:\/\/eventosemsp.com.br\/blog\/wp-content\/uploads\/2023\/03\/img-h2-e1684274979287.jpg","width":861,"height":484,"caption":"Eventos em SP"},"image":{"@id":"https:\/\/www.eventosemsp.com.br\/blog\/#\/schema\/logo\/image\/"}},{"@type":"Person","@id":"https:\/\/www.eventosemsp.com.br\/blog\/#\/schema\/person\/641201704699678f232e4c8b010c745d","name":"admin","image":{"@type":"ImageObject","inLanguage":"pt-BR","@id":"https:\/\/www.eventosemsp.com.br\/blog\/#\/schema\/person\/image\/","url":"https:\/\/secure.gravatar.com\/avatar\/ae92580851fb03298934a1b9611b38c6dbe9c76ce20ff6d3222955b1fd38e5da?s=96&d=mm&r=g","contentUrl":"https:\/\/secure.gravatar.com\/avatar\/ae92580851fb03298934a1b9611b38c6dbe9c76ce20ff6d3222955b1fd38e5da?s=96&d=mm&r=g","caption":"admin"},"sameAs":["https:\/\/eventosemsp.com.br\/blog"],"url":"https:\/\/www.eventosemsp.com.br\/blog\/author\/admin\/"}]}},"_links":{"self":[{"href":"https:\/\/www.eventosemsp.com.br\/blog\/wp-json\/wp\/v2\/posts\/689","targetHints":{"allow":["GET"]}}],"collection":[{"href":"https:\/\/www.eventosemsp.com.br\/blog\/wp-json\/wp\/v2\/posts"}],"about":[{"href":"https:\/\/www.eventosemsp.com.br\/blog\/wp-json\/wp\/v2\/types\/post"}],"author":[{"embeddable":true,"href":"https:\/\/www.eventosemsp.com.br\/blog\/wp-json\/wp\/v2\/users\/1"}],"replies":[{"embeddable":true,"href":"https:\/\/www.eventosemsp.com.br\/blog\/wp-json\/wp\/v2\/comments?post=689"}],"version-history":[{"count":0,"href":"https:\/\/www.eventosemsp.com.br\/blog\/wp-json\/wp\/v2\/posts\/689\/revisions"}],"wp:attachment":[{"href":"https:\/\/www.eventosemsp.com.br\/blog\/wp-json\/wp\/v2\/media?parent=689"}],"wp:term":[{"taxonomy":"category","embeddable":true,"href":"https:\/\/www.eventosemsp.com.br\/blog\/wp-json\/wp\/v2\/categories?post=689"},{"taxonomy":"post_tag","embeddable":true,"href":"https:\/\/www.eventosemsp.com.br\/blog\/wp-json\/wp\/v2\/tags?post=689"}],"curies":[{"name":"wp","href":"https:\/\/api.w.org\/{rel}","templated":true}]}}