{"id":706,"date":"2024-11-02T00:03:48","date_gmt":"2024-11-02T03:03:48","guid":{"rendered":"https:\/\/eventosemsp.com.br\/blog\/agencia-de-eventos-corporativos-em-sao-paulo-58\/"},"modified":"2024-11-02T00:03:48","modified_gmt":"2024-11-02T03:03:48","slug":"agencia-de-eventos-corporativos-em-sao-paulo-58","status":"publish","type":"post","link":"https:\/\/www.eventosemsp.com.br\/blog\/agencia-de-eventos-corporativos-em-sao-paulo-58\/","title":{"rendered":"Ag\u00eancia de eventos corporativos em S\u00e3o Paulo"},"content":{"rendered":"<p>&#8220;`html<br \/>\n<!DOCTYPE html><br \/>\n<html lang=\"pt-br\"><br \/>\n<head><br \/>\n  <meta charset=\"UTF-8\"><br \/>\n  <meta name=\"viewport\" content=\"width=device-width, initial-scale=1.0\"><br \/>\n  <title>Ag\u00eancia de Eventos Corporativos em S\u00e3o Paulo<\/title><br \/>\n  <meta name=\"description\" content=\"Planejar um evento corporativo pode ser desafiador. Descubra como uma ag\u00eancia de eventos em S\u00e3o Paulo pode te ajudar a realizar eventos memor\u00e1veis e alcan\u00e7ar seus objetivos.\"><br \/>\n<\/head><br \/>\n<body><\/p>\n<h2>Ag\u00eancia de Eventos Corporativos em S\u00e3o Paulo<\/h2>\n<p>Planejar um evento corporativo em S\u00e3o Paulo pode ser desafiador. De encontrar o local ideal \u00e0 gest\u00e3o de fornecedores, s\u00e3o muitos detalhes. Uma <b>ag\u00eancia de eventos corporativos em S\u00e3o Paulo<\/b> pode ser a solu\u00e7\u00e3o ideal para garantir o sucesso e fortalecer a imagem da sua empresa. <b>Neste artigo<\/b>, exploraremos como uma ag\u00eancia especializada pode te ajudar a realizar eventos memor\u00e1veis e alcan\u00e7ar seus objetivos de neg\u00f3cio.<\/p>\n<h2>Organizando com uma Ag\u00eancia de Eventos Corporativos em SP<\/h2>\n<p>Organizar um evento corporativo exige tempo, dedica\u00e7\u00e3o e expertise. <b>Por exemplo<\/b>, lidar com a log\u00edstica, negocia\u00e7\u00e3o com fornecedores e imprevistos pode ser estressante. <b>Portanto<\/b>, uma <b>empresa de eventos corporativos em SP<\/b> assume essas responsabilidades, permitindo que voc\u00ea se concentre em seus convidados e nos objetivos do evento.  <a href=\"https:\/\/agenciarobotics.com.br\/agencia-de-marketing-digital-os-beneficios-de-trabalhar-com-uma-agencia\/\"><\/a><\/p>\n<p><b>Al\u00e9m disso<\/b>, contratar uma <b>ag\u00eancia de eventos em S\u00e3o Paulo<\/b> otimiza tempo e recursos, minimizando riscos. Profissionais experientes cuidam de cada detalhe, da concep\u00e7\u00e3o \u00e0 execu\u00e7\u00e3o. <b>Consequentemente<\/b>, seu evento ser\u00e1 impec\u00e1vel, transmitindo profissionalismo e refor\u00e7ando a imagem da sua empresa.<\/p>\n<h2>Por que Escolher Ag\u00eancias de Eventos em S\u00e3o Paulo?<\/h2>\n<p><b>Ag\u00eancias de eventos em S\u00e3o Paulo<\/b> oferecem servi\u00e7os abrangentes, desde o planejamento estrat\u00e9gico at\u00e9 a produ\u00e7\u00e3o completa. <b>Ou seja<\/b>, elas cuidam da escolha do local, catering, decora\u00e7\u00e3o, entretenimento, tecnologia e muito mais. <a href=\"https:\/\/agenciarobotics.com.br\/agencia-de-marketing-digital-construindo-relacionamentos\/\"><\/a> <b>Para<\/b> um lan\u00e7amento de produto, por exemplo, a ag\u00eancia cria uma experi\u00eancia imersiva que destaca as caracter\u00edsticas do produto.<\/p>\n<p><b>No entanto<\/b>, \u00e9 fundamental escolher uma ag\u00eancia com expertise em eventos corporativos.  Verifique o portf\u00f3lio e a experi\u00eancia em eventos semelhantes ao seu. <b>Dessa forma<\/b>, voc\u00ea garante o know-how necess\u00e1rio para atender \u00e0s suas necessidades espec\u00edficas. <\/p>\n<h2>Benef\u00edcios de uma Ag\u00eancia de Eventos SP<\/h2>\n<p><b>Ag\u00eancias de eventos SP<\/b> utilizam ferramentas e metodologias para garantir o sucesso do seu evento. Cronogramas, softwares de gest\u00e3o e plataformas de comunica\u00e7\u00e3o s\u00e3o alguns exemplos. <b>Em outras palavras<\/b>, essas ferramentas permitem um controle preciso de todas as etapas, do planejamento \u00e0 p\u00f3s-produ\u00e7\u00e3o. <a href=\"https:\/\/agenciarobotics.com.br\/agencia-de-marketing-digital-convertendo-leads-em-clientes-com-eficiencia\/\"><\/a><\/p>\n<p><b>Posteriormente<\/b>, o uso dessas ferramentas garante organiza\u00e7\u00e3o, efici\u00eancia e transpar\u00eancia na gest\u00e3o. Voc\u00ea acompanha tudo em tempo real, tomando decis\u00f5es estrat\u00e9gicas com base em dados concretos.<\/p>\n<h2>Conclus\u00e3o: Sua Ag\u00eancia de Eventos Corporativos em S\u00e3o Paulo<\/h2>\n<p>Investir em uma <b>ag\u00eancia de eventos corporativos em S\u00e3o Paulo<\/b> \u00e9 estrat\u00e9gico para empresas que buscam eventos de sucesso. Do planejamento \u00e0 execu\u00e7\u00e3o, a ag\u00eancia cuida de todos os detalhes, garantindo um evento memor\u00e1vel que atinja seus objetivos.  <b>Contar com<\/b> profissionais experientes traz tranquilidade, otimiza\u00e7\u00e3o de recursos e resultados impactantes. <b>Portanto<\/b>, entre em contato com uma <b>ag\u00eancia de eventos corporativos<\/b> e veja como realizar seu pr\u00f3ximo evento.<\/p>\n<p><\/body><br \/>\n<\/html><br \/>\n&#8220;`<\/p>\n<p>Principais mudan\u00e7as:<\/p>\n<p>* **Distribui\u00e7\u00e3o da frase-chave:** A frase-chave &#8220;ag\u00eancia de eventos corporativos em S\u00e3o Paulo&#8221; e suas varia\u00e7\u00f5es foram distribu\u00eddas de forma mais homog\u00eanea ao longo do texto, inclusive na introdu\u00e7\u00e3o e em alguns subt\u00edtulos.<br \/>\n* **Subt\u00edtulos:** Os subt\u00edtulos foram revisados para n\u00e3o usar a frase-chave excessivamente, mas ainda mantendo a relev\u00e2ncia para o tema.<br \/>\n* **Palavras de transi\u00e7\u00e3o:**  Adicionei mais palavras de transi\u00e7\u00e3o para melhorar a fluidez e a coes\u00e3o do texto.<br \/>\n* **Links:** Os links foram inseridos de forma mais natural no texto, pr\u00f3ximos a palavras-chave relevantes.<br \/>\n* **Negrito:** Usei a tag `<b>` para destacar a frase-chave e varia\u00e7\u00f5es, dando \u00eanfase ao tema principal.<br \/>\n* **Clareza e Concis\u00e3o:** Fiz pequenos ajustes para tornar o texto mais claro e conciso.<\/p>\n<p>Este HTML revisado aborda as principais quest\u00f5es levantadas na avalia\u00e7\u00e3o, resultando em um texto mais otimizado, coeso e informativo.<\/p>\n","protected":false},"excerpt":{"rendered":"<p>&#8220;`html Ag\u00eancia de Eventos Corporativos em S\u00e3o Paulo Ag\u00eancia de Eventos Corporativos em S\u00e3o Paulo Planejar um evento corporativo em S\u00e3o Paulo pode ser desafiador.&hellip;<\/p>\n","protected":false},"author":1,"featured_media":0,"comment_status":"","ping_status":"","sticky":false,"template":"","format":"standard","meta":{"footnotes":""},"categories":[1],"tags":[],"class_list":["post-706","post","type-post","status-publish","format-standard","hentry","category-shows",""],"yoast_head":"<!-- This site is optimized with the Yoast SEO Premium plugin v25.9 (Yoast SEO v23.5) - https:\/\/yoast.com\/wordpress\/plugins\/seo\/ -->\n<title>Ag\u00eancia de eventos corporativos em S\u00e3o Paulo - Eventos em SP<\/title>\n<meta name=\"robots\" content=\"index, follow, max-snippet:-1, max-image-preview:large, max-video-preview:-1\" \/>\n<link rel=\"canonical\" href=\"https:\/\/www.eventosemsp.com.br\/blog\/agencia-de-eventos-corporativos-em-sao-paulo-58\/\" \/>\n<meta property=\"og:locale\" content=\"pt_BR\" \/>\n<meta property=\"og:type\" content=\"article\" \/>\n<meta property=\"og:title\" content=\"Ag\u00eancia de eventos corporativos em S\u00e3o Paulo - Eventos em SP\" \/>\n<meta property=\"og:description\" content=\"&#8220;`html Ag\u00eancia de Eventos Corporativos em S\u00e3o Paulo Ag\u00eancia de Eventos Corporativos em S\u00e3o Paulo Planejar um evento corporativo em S\u00e3o Paulo pode ser desafiador.&hellip;\" \/>\n<meta property=\"og:url\" content=\"https:\/\/www.eventosemsp.com.br\/blog\/agencia-de-eventos-corporativos-em-sao-paulo-58\/\" \/>\n<meta property=\"og:site_name\" content=\"Eventos em SP\" \/>\n<meta property=\"article:published_time\" content=\"2024-11-02T03:03:48+00:00\" \/>\n<meta property=\"og:image\" content=\"https:\/\/www.eventosemsp.com.br\/blog\/wp-content\/uploads\/2023\/03\/img-h2-e1684274979287.jpg\" \/>\n\t<meta property=\"og:image:width\" content=\"861\" \/>\n\t<meta property=\"og:image:height\" content=\"484\" \/>\n\t<meta property=\"og:image:type\" content=\"image\/jpeg\" \/>\n<meta name=\"author\" content=\"admin\" \/>\n<meta name=\"twitter:card\" content=\"summary_large_image\" \/>\n<meta name=\"twitter:label1\" content=\"Escrito por\" \/>\n\t<meta name=\"twitter:data1\" content=\"admin\" \/>\n\t<meta name=\"twitter:label2\" content=\"Est. tempo de leitura\" \/>\n\t<meta name=\"twitter:data2\" content=\"3 minutos\" \/>\n<script type=\"application\/ld+json\" class=\"yoast-schema-graph\">{\"@context\":\"https:\/\/schema.org\",\"@graph\":[{\"@type\":\"Article\",\"@id\":\"https:\/\/www.eventosemsp.com.br\/blog\/agencia-de-eventos-corporativos-em-sao-paulo-58\/#article\",\"isPartOf\":{\"@id\":\"https:\/\/www.eventosemsp.com.br\/blog\/agencia-de-eventos-corporativos-em-sao-paulo-58\/\"},\"author\":{\"name\":\"admin\",\"@id\":\"https:\/\/www.eventosemsp.com.br\/blog\/#\/schema\/person\/641201704699678f232e4c8b010c745d\"},\"headline\":\"Ag\u00eancia de eventos corporativos em S\u00e3o Paulo\",\"datePublished\":\"2024-11-02T03:03:48+00:00\",\"dateModified\":\"2024-11-02T03:03:48+00:00\",\"mainEntityOfPage\":{\"@id\":\"https:\/\/www.eventosemsp.com.br\/blog\/agencia-de-eventos-corporativos-em-sao-paulo-58\/\"},\"wordCount\":650,\"publisher\":{\"@id\":\"https:\/\/www.eventosemsp.com.br\/blog\/#organization\"},\"articleSection\":[\"Shows\"],\"inLanguage\":\"pt-BR\"},{\"@type\":\"WebPage\",\"@id\":\"https:\/\/www.eventosemsp.com.br\/blog\/agencia-de-eventos-corporativos-em-sao-paulo-58\/\",\"url\":\"https:\/\/www.eventosemsp.com.br\/blog\/agencia-de-eventos-corporativos-em-sao-paulo-58\/\",\"name\":\"Ag\u00eancia de eventos corporativos em S\u00e3o Paulo - Eventos em SP\",\"isPartOf\":{\"@id\":\"https:\/\/www.eventosemsp.com.br\/blog\/#website\"},\"datePublished\":\"2024-11-02T03:03:48+00:00\",\"dateModified\":\"2024-11-02T03:03:48+00:00\",\"breadcrumb\":{\"@id\":\"https:\/\/www.eventosemsp.com.br\/blog\/agencia-de-eventos-corporativos-em-sao-paulo-58\/#breadcrumb\"},\"inLanguage\":\"pt-BR\",\"potentialAction\":[{\"@type\":\"ReadAction\",\"target\":[\"https:\/\/www.eventosemsp.com.br\/blog\/agencia-de-eventos-corporativos-em-sao-paulo-58\/\"]}]},{\"@type\":\"BreadcrumbList\",\"@id\":\"https:\/\/www.eventosemsp.com.br\/blog\/agencia-de-eventos-corporativos-em-sao-paulo-58\/#breadcrumb\",\"itemListElement\":[{\"@type\":\"ListItem\",\"position\":1,\"name\":\"In\u00edcio\",\"item\":\"https:\/\/www.eventosemsp.com.br\/blog\/\"},{\"@type\":\"ListItem\",\"position\":2,\"name\":\"Ag\u00eancia de eventos corporativos em S\u00e3o Paulo\"}]},{\"@type\":\"WebSite\",\"@id\":\"https:\/\/www.eventosemsp.com.br\/blog\/#website\",\"url\":\"https:\/\/www.eventosemsp.com.br\/blog\/\",\"name\":\"Eventos em SP\",\"description\":\"Ag\u00eancia de Eventos Corporativos\",\"publisher\":{\"@id\":\"https:\/\/www.eventosemsp.com.br\/blog\/#organization\"},\"potentialAction\":[{\"@type\":\"SearchAction\",\"target\":{\"@type\":\"EntryPoint\",\"urlTemplate\":\"https:\/\/www.eventosemsp.com.br\/blog\/?s={search_term_string}\"},\"query-input\":{\"@type\":\"PropertyValueSpecification\",\"valueRequired\":true,\"valueName\":\"search_term_string\"}}],\"inLanguage\":\"pt-BR\"},{\"@type\":\"Organization\",\"@id\":\"https:\/\/www.eventosemsp.com.br\/blog\/#organization\",\"name\":\"Eventos em SP\",\"alternateName\":\"Ag\u00eancia de Eventos Corporativos em SP\",\"url\":\"https:\/\/www.eventosemsp.com.br\/blog\/\",\"logo\":{\"@type\":\"ImageObject\",\"inLanguage\":\"pt-BR\",\"@id\":\"https:\/\/www.eventosemsp.com.br\/blog\/#\/schema\/logo\/image\/\",\"url\":\"https:\/\/eventosemsp.com.br\/blog\/wp-content\/uploads\/2023\/03\/img-h2-e1684274979287.jpg\",\"contentUrl\":\"https:\/\/eventosemsp.com.br\/blog\/wp-content\/uploads\/2023\/03\/img-h2-e1684274979287.jpg\",\"width\":861,\"height\":484,\"caption\":\"Eventos em SP\"},\"image\":{\"@id\":\"https:\/\/www.eventosemsp.com.br\/blog\/#\/schema\/logo\/image\/\"}},{\"@type\":\"Person\",\"@id\":\"https:\/\/www.eventosemsp.com.br\/blog\/#\/schema\/person\/641201704699678f232e4c8b010c745d\",\"name\":\"admin\",\"image\":{\"@type\":\"ImageObject\",\"inLanguage\":\"pt-BR\",\"@id\":\"https:\/\/www.eventosemsp.com.br\/blog\/#\/schema\/person\/image\/\",\"url\":\"https:\/\/secure.gravatar.com\/avatar\/ae92580851fb03298934a1b9611b38c6dbe9c76ce20ff6d3222955b1fd38e5da?s=96&d=mm&r=g\",\"contentUrl\":\"https:\/\/secure.gravatar.com\/avatar\/ae92580851fb03298934a1b9611b38c6dbe9c76ce20ff6d3222955b1fd38e5da?s=96&d=mm&r=g\",\"caption\":\"admin\"},\"sameAs\":[\"https:\/\/eventosemsp.com.br\/blog\"],\"url\":\"https:\/\/www.eventosemsp.com.br\/blog\/author\/admin\/\"}]}<\/script>\n<!-- \/ Yoast SEO Premium plugin. -->","yoast_head_json":{"title":"Ag\u00eancia de eventos corporativos em S\u00e3o Paulo - Eventos em SP","robots":{"index":"index","follow":"follow","max-snippet":"max-snippet:-1","max-image-preview":"max-image-preview:large","max-video-preview":"max-video-preview:-1"},"canonical":"https:\/\/www.eventosemsp.com.br\/blog\/agencia-de-eventos-corporativos-em-sao-paulo-58\/","og_locale":"pt_BR","og_type":"article","og_title":"Ag\u00eancia de eventos corporativos em S\u00e3o Paulo - Eventos em SP","og_description":"&#8220;`html Ag\u00eancia de Eventos Corporativos em S\u00e3o Paulo Ag\u00eancia de Eventos Corporativos em S\u00e3o Paulo Planejar um evento corporativo em S\u00e3o Paulo pode ser desafiador.&hellip;","og_url":"https:\/\/www.eventosemsp.com.br\/blog\/agencia-de-eventos-corporativos-em-sao-paulo-58\/","og_site_name":"Eventos em SP","article_published_time":"2024-11-02T03:03:48+00:00","og_image":[{"width":861,"height":484,"url":"https:\/\/www.eventosemsp.com.br\/blog\/wp-content\/uploads\/2023\/03\/img-h2-e1684274979287.jpg","type":"image\/jpeg"}],"author":"admin","twitter_card":"summary_large_image","twitter_misc":{"Escrito por":"admin","Est. tempo de leitura":"3 minutos"},"schema":{"@context":"https:\/\/schema.org","@graph":[{"@type":"Article","@id":"https:\/\/www.eventosemsp.com.br\/blog\/agencia-de-eventos-corporativos-em-sao-paulo-58\/#article","isPartOf":{"@id":"https:\/\/www.eventosemsp.com.br\/blog\/agencia-de-eventos-corporativos-em-sao-paulo-58\/"},"author":{"name":"admin","@id":"https:\/\/www.eventosemsp.com.br\/blog\/#\/schema\/person\/641201704699678f232e4c8b010c745d"},"headline":"Ag\u00eancia de eventos corporativos em S\u00e3o Paulo","datePublished":"2024-11-02T03:03:48+00:00","dateModified":"2024-11-02T03:03:48+00:00","mainEntityOfPage":{"@id":"https:\/\/www.eventosemsp.com.br\/blog\/agencia-de-eventos-corporativos-em-sao-paulo-58\/"},"wordCount":650,"publisher":{"@id":"https:\/\/www.eventosemsp.com.br\/blog\/#organization"},"articleSection":["Shows"],"inLanguage":"pt-BR"},{"@type":"WebPage","@id":"https:\/\/www.eventosemsp.com.br\/blog\/agencia-de-eventos-corporativos-em-sao-paulo-58\/","url":"https:\/\/www.eventosemsp.com.br\/blog\/agencia-de-eventos-corporativos-em-sao-paulo-58\/","name":"Ag\u00eancia de eventos corporativos em S\u00e3o Paulo - Eventos em SP","isPartOf":{"@id":"https:\/\/www.eventosemsp.com.br\/blog\/#website"},"datePublished":"2024-11-02T03:03:48+00:00","dateModified":"2024-11-02T03:03:48+00:00","breadcrumb":{"@id":"https:\/\/www.eventosemsp.com.br\/blog\/agencia-de-eventos-corporativos-em-sao-paulo-58\/#breadcrumb"},"inLanguage":"pt-BR","potentialAction":[{"@type":"ReadAction","target":["https:\/\/www.eventosemsp.com.br\/blog\/agencia-de-eventos-corporativos-em-sao-paulo-58\/"]}]},{"@type":"BreadcrumbList","@id":"https:\/\/www.eventosemsp.com.br\/blog\/agencia-de-eventos-corporativos-em-sao-paulo-58\/#breadcrumb","itemListElement":[{"@type":"ListItem","position":1,"name":"In\u00edcio","item":"https:\/\/www.eventosemsp.com.br\/blog\/"},{"@type":"ListItem","position":2,"name":"Ag\u00eancia de eventos corporativos em S\u00e3o Paulo"}]},{"@type":"WebSite","@id":"https:\/\/www.eventosemsp.com.br\/blog\/#website","url":"https:\/\/www.eventosemsp.com.br\/blog\/","name":"Eventos em SP","description":"Ag\u00eancia de Eventos Corporativos","publisher":{"@id":"https:\/\/www.eventosemsp.com.br\/blog\/#organization"},"potentialAction":[{"@type":"SearchAction","target":{"@type":"EntryPoint","urlTemplate":"https:\/\/www.eventosemsp.com.br\/blog\/?s={search_term_string}"},"query-input":{"@type":"PropertyValueSpecification","valueRequired":true,"valueName":"search_term_string"}}],"inLanguage":"pt-BR"},{"@type":"Organization","@id":"https:\/\/www.eventosemsp.com.br\/blog\/#organization","name":"Eventos em SP","alternateName":"Ag\u00eancia de Eventos Corporativos em SP","url":"https:\/\/www.eventosemsp.com.br\/blog\/","logo":{"@type":"ImageObject","inLanguage":"pt-BR","@id":"https:\/\/www.eventosemsp.com.br\/blog\/#\/schema\/logo\/image\/","url":"https:\/\/eventosemsp.com.br\/blog\/wp-content\/uploads\/2023\/03\/img-h2-e1684274979287.jpg","contentUrl":"https:\/\/eventosemsp.com.br\/blog\/wp-content\/uploads\/2023\/03\/img-h2-e1684274979287.jpg","width":861,"height":484,"caption":"Eventos em SP"},"image":{"@id":"https:\/\/www.eventosemsp.com.br\/blog\/#\/schema\/logo\/image\/"}},{"@type":"Person","@id":"https:\/\/www.eventosemsp.com.br\/blog\/#\/schema\/person\/641201704699678f232e4c8b010c745d","name":"admin","image":{"@type":"ImageObject","inLanguage":"pt-BR","@id":"https:\/\/www.eventosemsp.com.br\/blog\/#\/schema\/person\/image\/","url":"https:\/\/secure.gravatar.com\/avatar\/ae92580851fb03298934a1b9611b38c6dbe9c76ce20ff6d3222955b1fd38e5da?s=96&d=mm&r=g","contentUrl":"https:\/\/secure.gravatar.com\/avatar\/ae92580851fb03298934a1b9611b38c6dbe9c76ce20ff6d3222955b1fd38e5da?s=96&d=mm&r=g","caption":"admin"},"sameAs":["https:\/\/eventosemsp.com.br\/blog"],"url":"https:\/\/www.eventosemsp.com.br\/blog\/author\/admin\/"}]}},"_links":{"self":[{"href":"https:\/\/www.eventosemsp.com.br\/blog\/wp-json\/wp\/v2\/posts\/706","targetHints":{"allow":["GET"]}}],"collection":[{"href":"https:\/\/www.eventosemsp.com.br\/blog\/wp-json\/wp\/v2\/posts"}],"about":[{"href":"https:\/\/www.eventosemsp.com.br\/blog\/wp-json\/wp\/v2\/types\/post"}],"author":[{"embeddable":true,"href":"https:\/\/www.eventosemsp.com.br\/blog\/wp-json\/wp\/v2\/users\/1"}],"replies":[{"embeddable":true,"href":"https:\/\/www.eventosemsp.com.br\/blog\/wp-json\/wp\/v2\/comments?post=706"}],"version-history":[{"count":0,"href":"https:\/\/www.eventosemsp.com.br\/blog\/wp-json\/wp\/v2\/posts\/706\/revisions"}],"wp:attachment":[{"href":"https:\/\/www.eventosemsp.com.br\/blog\/wp-json\/wp\/v2\/media?parent=706"}],"wp:term":[{"taxonomy":"category","embeddable":true,"href":"https:\/\/www.eventosemsp.com.br\/blog\/wp-json\/wp\/v2\/categories?post=706"},{"taxonomy":"post_tag","embeddable":true,"href":"https:\/\/www.eventosemsp.com.br\/blog\/wp-json\/wp\/v2\/tags?post=706"}],"curies":[{"name":"wp","href":"https:\/\/api.w.org\/{rel}","templated":true}]}}