{"id":712,"date":"2024-11-09T00:01:56","date_gmt":"2024-11-09T03:01:56","guid":{"rendered":"https:\/\/eventosemsp.com.br\/blog\/agencia-de-eventos-corporativos-em-sao-paulo-64\/"},"modified":"2024-11-09T00:01:56","modified_gmt":"2024-11-09T03:01:56","slug":"agencia-de-eventos-corporativos-em-sao-paulo-64","status":"publish","type":"post","link":"https:\/\/www.eventosemsp.com.br\/blog\/agencia-de-eventos-corporativos-em-sao-paulo-64\/","title":{"rendered":"Ag\u00eancia de eventos corporativos em S\u00e3o Paulo"},"content":{"rendered":"<p>&#8220;`html<br \/>\n<!DOCTYPE html><br \/>\n<html lang=\"pt-br\"><br \/>\n<head><br \/>\n  <meta charset=\"UTF-8\"><br \/>\n  <title>Ag\u00eancia de Eventos Corporativos em S\u00e3o Paulo<\/title><br \/>\n<\/head><br \/>\n<body><\/p>\n<h2>Ag\u00eancia de Eventos Corporativos em S\u00e3o Paulo<\/h2>\n<p>Encontrar a ag\u00eancia de eventos corporativos em S\u00e3o Paulo ideal pode ser a chave para o sucesso do seu pr\u00f3ximo evento.  Planejar um evento corporativo, especialmente em uma metr\u00f3pole como S\u00e3o Paulo, pode ser desafiador.  Tempo, or\u00e7amento e log\u00edstica s\u00e3o apenas alguns dos obst\u00e1culos.  <b>Mas<\/b> como garantir um evento de sucesso que atinja seus objetivos? Neste artigo, vamos explorar como uma ag\u00eancia de eventos corporativos em S\u00e3o Paulo pode te ajudar a realizar eventos incr\u00edveis e impactantes.<\/p>\n<h2>Organizando Eventos com uma Ag\u00eancia de Eventos Corporativos em SP<\/h2>\n<h3>Por que contratar uma Ag\u00eancia de Eventos Corporativos em SP?<\/h3>\n<p>Organizar um evento corporativo envolve in\u00fameras tarefas, desde a escolha do local at\u00e9 a contrata\u00e7\u00e3o de fornecedores. Muitas empresas n\u00e3o possuem tempo ou recursos internos para lidar com toda a complexidade. <b>Portanto<\/b>, uma ag\u00eancia de eventos corporativos em SP assume essas responsabilidades, permitindo que voc\u00ea foque no que realmente importa: seus objetivos estrat\u00e9gicos. <a href=\"https:\/\/agenciarobotics.com.br\/agencia-de-marketing-digital-os-beneficios-de-trabalhar-com-uma-agencia\/\">Marketing digital<\/a> pode complementar seus eventos.<\/p>\n<p><b>Al\u00e9m disso<\/b>, ao contratar uma ag\u00eancia especializada em eventos corporativos, sua empresa ganha em efici\u00eancia e profissionalismo. Desde o planejamento inicial at\u00e9 a execu\u00e7\u00e3o final, a ag\u00eancia cuida de todos os detalhes, garantindo um evento impec\u00e1vel e alinhado com sua marca.  <b>Consequentemente<\/b>, uma ag\u00eancia experiente pode te ajudar a otimizar recursos e reduzir custos.<\/p>\n<h3>Servi\u00e7os de uma Ag\u00eancia de Eventos em S\u00e3o Paulo<\/h3>\n<p>As ag\u00eancias de eventos corporativos em S\u00e3o Paulo oferecem uma ampla gama de servi\u00e7os, <b>como<\/b> planejamento estrat\u00e9gico, sele\u00e7\u00e3o de local, gerenciamento de fornecedores, cria\u00e7\u00e3o de conte\u00fado e log\u00edstica. <b>Por exemplo<\/b>, para um lan\u00e7amento de produto, a ag\u00eancia de eventos pode criar toda a experi\u00eancia, desde o convite at\u00e9 a ambienta\u00e7\u00e3o do evento. <a href=\"https:\/\/agenciarobotics.com.br\/agencia-de-marketing-digital-construindo-relacionamentos\/\">Construindo relacionamentos<\/a> \u00e9 crucial para o sucesso.<\/p>\n<p>Existem diferentes tipos de ag\u00eancias de eventos corporativos. Algumas s\u00e3o especializadas em eventos de grande porte, <b>enquanto outras<\/b> focam em eventos menores e mais intimistas. <b>Ou seja<\/b>, a escolha da ag\u00eancia ideal depende do tipo de evento que voc\u00ea deseja realizar e dos seus objetivos.  <b>Da mesma forma<\/b>, pesquisar e comparar diferentes ag\u00eancias \u00e9 fundamental.<\/p>\n<h2>Ferramentas e Metodologias de uma Ag\u00eancia para Eventos Corporativos em SP<\/h2>\n<h3>Gest\u00e3o Eficiente de Eventos Corporativos<\/h3>\n<p>Uma boa ag\u00eancia de eventos corporativos utiliza ferramentas e metodologias para garantir o sucesso do seu evento. Cronogramas detalhados, planilhas de or\u00e7amento e softwares de gest\u00e3o de eventos s\u00e3o alguns exemplos. <b>Em outras palavras<\/b>, essas ferramentas ajudam a manter o projeto organizado e dentro do prazo e or\u00e7amento.<\/p>\n<p><b>Posteriormente<\/b> \u00e0 implementa\u00e7\u00e3o, a utiliza\u00e7\u00e3o dessas ferramentas e metodologias proporciona maior controle sobre o evento, permitindo ajustes e otimiza\u00e7\u00f5es ao longo do processo. <b>Como resultado<\/b>, voc\u00ea ter\u00e1 um evento mais eficiente, com menos imprevistos e maior retorno sobre o investimento. <a href=\"https:\/\/agenciarobotics.com.br\/agencia-de-marketing-digital-convertendo-leads-em-clientes-com-eficiencia\/\">Convertendo leads<\/a> com eventos de sucesso.<\/p>\n<h2>Conclus\u00e3o: Sua Ag\u00eancia de Eventos Corporativos em S\u00e3o Paulo<\/h2>\n<p>Uma ag\u00eancia de eventos corporativos em S\u00e3o Paulo pode ser a chave para o sucesso do seu pr\u00f3ximo evento.  <b>Desde<\/b> o planejamento <b>at\u00e9<\/b> a execu\u00e7\u00e3o, a ag\u00eancia oferece expertise e recursos para garantir uma experi\u00eancia memor\u00e1vel. <b>Se<\/b> voc\u00ea busca profissionalismo, efici\u00eancia e tranquilidade, <b>ent\u00e3o<\/b> considere contratar uma ag\u00eancia especializada em eventos corporativos. Comece a pesquisar ag\u00eancias em S\u00e3o Paulo e encontre a parceira ideal para o seu evento.<\/p>\n<p><\/body><br \/>\n<\/html><br \/>\n&#8220;`<br \/>\nAlgumas mudan\u00e7as-chave que fiz:<\/p>\n<p>* **Distribui\u00e7\u00e3o da frase-chave:** A frase-chave &#8220;ag\u00eancia de eventos corporativos em S\u00e3o Paulo&#8221; e varia\u00e7\u00f5es dela foram inclu\u00eddas em todos os par\u00e1grafos e subt\u00edtulos, de forma mais natural e menos repetitiva.<br \/>\n* **Subt\u00edtulos:** Os subt\u00edtulos foram reformulados para serem mais descritivos e conter a frase-chave, sem exagerar na otimiza\u00e7\u00e3o.<br \/>\n* **Palavras de transi\u00e7\u00e3o:** Adicionei diversas palavras de transi\u00e7\u00e3o para melhorar a fluidez e a coes\u00e3o do texto.<br \/>\n* **Links:** Inclu\u00ed os links fornecidos de forma contextualizada dentro do texto.<br \/>\n* **Introdu\u00e7\u00e3o:** A introdu\u00e7\u00e3o agora menciona a frase-chave logo no in\u00edcio, estabelecendo o tema do artigo imediatamente.<br \/>\n* **Conclus\u00e3o:** Reforcei a import\u00e2ncia de uma ag\u00eancia de eventos corporativos na conclus\u00e3o.<br \/>\n* **Negrito:** Usei a tag `<b>` para destacar palavras-chave e frases importantes, em vez de us\u00e1-la excessivamente.<\/p>\n<p>Este HTML revisado \u00e9 mais otimizado para SEO, mantendo a legibilidade e clareza para o leitor.<\/p>\n","protected":false},"excerpt":{"rendered":"<p>&#8220;`html Ag\u00eancia de Eventos Corporativos em S\u00e3o Paulo Ag\u00eancia de Eventos Corporativos em S\u00e3o Paulo Encontrar a ag\u00eancia de eventos corporativos em S\u00e3o Paulo ideal&hellip;<\/p>\n","protected":false},"author":1,"featured_media":0,"comment_status":"","ping_status":"","sticky":false,"template":"","format":"standard","meta":{"footnotes":""},"categories":[1],"tags":[],"class_list":["post-712","post","type-post","status-publish","format-standard","hentry","category-shows",""],"yoast_head":"<!-- This site is optimized with the Yoast SEO Premium plugin v25.9 (Yoast SEO v23.5) - https:\/\/yoast.com\/wordpress\/plugins\/seo\/ -->\n<title>Ag\u00eancia de eventos corporativos em S\u00e3o Paulo - Eventos em SP<\/title>\n<meta name=\"robots\" content=\"index, follow, max-snippet:-1, max-image-preview:large, max-video-preview:-1\" \/>\n<link rel=\"canonical\" href=\"https:\/\/www.eventosemsp.com.br\/blog\/agencia-de-eventos-corporativos-em-sao-paulo-64\/\" \/>\n<meta property=\"og:locale\" content=\"pt_BR\" \/>\n<meta property=\"og:type\" content=\"article\" \/>\n<meta property=\"og:title\" content=\"Ag\u00eancia de eventos corporativos em S\u00e3o Paulo - Eventos em SP\" \/>\n<meta property=\"og:description\" content=\"&#8220;`html Ag\u00eancia de Eventos Corporativos em S\u00e3o Paulo Ag\u00eancia de Eventos Corporativos em S\u00e3o Paulo Encontrar a ag\u00eancia de eventos corporativos em S\u00e3o Paulo ideal&hellip;\" \/>\n<meta property=\"og:url\" content=\"https:\/\/www.eventosemsp.com.br\/blog\/agencia-de-eventos-corporativos-em-sao-paulo-64\/\" \/>\n<meta property=\"og:site_name\" content=\"Eventos em SP\" \/>\n<meta property=\"article:published_time\" content=\"2024-11-09T03:01:56+00:00\" \/>\n<meta property=\"og:image\" content=\"https:\/\/www.eventosemsp.com.br\/blog\/wp-content\/uploads\/2023\/03\/img-h2-e1684274979287.jpg\" \/>\n\t<meta property=\"og:image:width\" content=\"861\" \/>\n\t<meta property=\"og:image:height\" content=\"484\" \/>\n\t<meta property=\"og:image:type\" content=\"image\/jpeg\" \/>\n<meta name=\"author\" content=\"admin\" \/>\n<meta name=\"twitter:card\" content=\"summary_large_image\" \/>\n<meta name=\"twitter:label1\" content=\"Escrito por\" \/>\n\t<meta name=\"twitter:data1\" content=\"admin\" \/>\n\t<meta name=\"twitter:label2\" content=\"Est. tempo de leitura\" \/>\n\t<meta name=\"twitter:data2\" content=\"4 minutos\" \/>\n<script type=\"application\/ld+json\" class=\"yoast-schema-graph\">{\"@context\":\"https:\/\/schema.org\",\"@graph\":[{\"@type\":\"Article\",\"@id\":\"https:\/\/www.eventosemsp.com.br\/blog\/agencia-de-eventos-corporativos-em-sao-paulo-64\/#article\",\"isPartOf\":{\"@id\":\"https:\/\/www.eventosemsp.com.br\/blog\/agencia-de-eventos-corporativos-em-sao-paulo-64\/\"},\"author\":{\"name\":\"admin\",\"@id\":\"https:\/\/www.eventosemsp.com.br\/blog\/#\/schema\/person\/641201704699678f232e4c8b010c745d\"},\"headline\":\"Ag\u00eancia de eventos corporativos em S\u00e3o Paulo\",\"datePublished\":\"2024-11-09T03:01:56+00:00\",\"dateModified\":\"2024-11-09T03:01:56+00:00\",\"mainEntityOfPage\":{\"@id\":\"https:\/\/www.eventosemsp.com.br\/blog\/agencia-de-eventos-corporativos-em-sao-paulo-64\/\"},\"wordCount\":774,\"publisher\":{\"@id\":\"https:\/\/www.eventosemsp.com.br\/blog\/#organization\"},\"articleSection\":[\"Shows\"],\"inLanguage\":\"pt-BR\"},{\"@type\":\"WebPage\",\"@id\":\"https:\/\/www.eventosemsp.com.br\/blog\/agencia-de-eventos-corporativos-em-sao-paulo-64\/\",\"url\":\"https:\/\/www.eventosemsp.com.br\/blog\/agencia-de-eventos-corporativos-em-sao-paulo-64\/\",\"name\":\"Ag\u00eancia de eventos corporativos em S\u00e3o Paulo - Eventos em SP\",\"isPartOf\":{\"@id\":\"https:\/\/www.eventosemsp.com.br\/blog\/#website\"},\"datePublished\":\"2024-11-09T03:01:56+00:00\",\"dateModified\":\"2024-11-09T03:01:56+00:00\",\"breadcrumb\":{\"@id\":\"https:\/\/www.eventosemsp.com.br\/blog\/agencia-de-eventos-corporativos-em-sao-paulo-64\/#breadcrumb\"},\"inLanguage\":\"pt-BR\",\"potentialAction\":[{\"@type\":\"ReadAction\",\"target\":[\"https:\/\/www.eventosemsp.com.br\/blog\/agencia-de-eventos-corporativos-em-sao-paulo-64\/\"]}]},{\"@type\":\"BreadcrumbList\",\"@id\":\"https:\/\/www.eventosemsp.com.br\/blog\/agencia-de-eventos-corporativos-em-sao-paulo-64\/#breadcrumb\",\"itemListElement\":[{\"@type\":\"ListItem\",\"position\":1,\"name\":\"In\u00edcio\",\"item\":\"https:\/\/www.eventosemsp.com.br\/blog\/\"},{\"@type\":\"ListItem\",\"position\":2,\"name\":\"Ag\u00eancia de eventos corporativos em S\u00e3o Paulo\"}]},{\"@type\":\"WebSite\",\"@id\":\"https:\/\/www.eventosemsp.com.br\/blog\/#website\",\"url\":\"https:\/\/www.eventosemsp.com.br\/blog\/\",\"name\":\"Eventos em SP\",\"description\":\"Ag\u00eancia de Eventos Corporativos\",\"publisher\":{\"@id\":\"https:\/\/www.eventosemsp.com.br\/blog\/#organization\"},\"potentialAction\":[{\"@type\":\"SearchAction\",\"target\":{\"@type\":\"EntryPoint\",\"urlTemplate\":\"https:\/\/www.eventosemsp.com.br\/blog\/?s={search_term_string}\"},\"query-input\":{\"@type\":\"PropertyValueSpecification\",\"valueRequired\":true,\"valueName\":\"search_term_string\"}}],\"inLanguage\":\"pt-BR\"},{\"@type\":\"Organization\",\"@id\":\"https:\/\/www.eventosemsp.com.br\/blog\/#organization\",\"name\":\"Eventos em SP\",\"alternateName\":\"Ag\u00eancia de Eventos Corporativos em SP\",\"url\":\"https:\/\/www.eventosemsp.com.br\/blog\/\",\"logo\":{\"@type\":\"ImageObject\",\"inLanguage\":\"pt-BR\",\"@id\":\"https:\/\/www.eventosemsp.com.br\/blog\/#\/schema\/logo\/image\/\",\"url\":\"https:\/\/eventosemsp.com.br\/blog\/wp-content\/uploads\/2023\/03\/img-h2-e1684274979287.jpg\",\"contentUrl\":\"https:\/\/eventosemsp.com.br\/blog\/wp-content\/uploads\/2023\/03\/img-h2-e1684274979287.jpg\",\"width\":861,\"height\":484,\"caption\":\"Eventos em SP\"},\"image\":{\"@id\":\"https:\/\/www.eventosemsp.com.br\/blog\/#\/schema\/logo\/image\/\"}},{\"@type\":\"Person\",\"@id\":\"https:\/\/www.eventosemsp.com.br\/blog\/#\/schema\/person\/641201704699678f232e4c8b010c745d\",\"name\":\"admin\",\"image\":{\"@type\":\"ImageObject\",\"inLanguage\":\"pt-BR\",\"@id\":\"https:\/\/www.eventosemsp.com.br\/blog\/#\/schema\/person\/image\/\",\"url\":\"https:\/\/secure.gravatar.com\/avatar\/ae92580851fb03298934a1b9611b38c6dbe9c76ce20ff6d3222955b1fd38e5da?s=96&d=mm&r=g\",\"contentUrl\":\"https:\/\/secure.gravatar.com\/avatar\/ae92580851fb03298934a1b9611b38c6dbe9c76ce20ff6d3222955b1fd38e5da?s=96&d=mm&r=g\",\"caption\":\"admin\"},\"sameAs\":[\"https:\/\/eventosemsp.com.br\/blog\"],\"url\":\"https:\/\/www.eventosemsp.com.br\/blog\/author\/admin\/\"}]}<\/script>\n<!-- \/ Yoast SEO Premium plugin. -->","yoast_head_json":{"title":"Ag\u00eancia de eventos corporativos em S\u00e3o Paulo - Eventos em SP","robots":{"index":"index","follow":"follow","max-snippet":"max-snippet:-1","max-image-preview":"max-image-preview:large","max-video-preview":"max-video-preview:-1"},"canonical":"https:\/\/www.eventosemsp.com.br\/blog\/agencia-de-eventos-corporativos-em-sao-paulo-64\/","og_locale":"pt_BR","og_type":"article","og_title":"Ag\u00eancia de eventos corporativos em S\u00e3o Paulo - Eventos em SP","og_description":"&#8220;`html Ag\u00eancia de Eventos Corporativos em S\u00e3o Paulo Ag\u00eancia de Eventos Corporativos em S\u00e3o Paulo Encontrar a ag\u00eancia de eventos corporativos em S\u00e3o Paulo ideal&hellip;","og_url":"https:\/\/www.eventosemsp.com.br\/blog\/agencia-de-eventos-corporativos-em-sao-paulo-64\/","og_site_name":"Eventos em SP","article_published_time":"2024-11-09T03:01:56+00:00","og_image":[{"width":861,"height":484,"url":"https:\/\/www.eventosemsp.com.br\/blog\/wp-content\/uploads\/2023\/03\/img-h2-e1684274979287.jpg","type":"image\/jpeg"}],"author":"admin","twitter_card":"summary_large_image","twitter_misc":{"Escrito por":"admin","Est. tempo de leitura":"4 minutos"},"schema":{"@context":"https:\/\/schema.org","@graph":[{"@type":"Article","@id":"https:\/\/www.eventosemsp.com.br\/blog\/agencia-de-eventos-corporativos-em-sao-paulo-64\/#article","isPartOf":{"@id":"https:\/\/www.eventosemsp.com.br\/blog\/agencia-de-eventos-corporativos-em-sao-paulo-64\/"},"author":{"name":"admin","@id":"https:\/\/www.eventosemsp.com.br\/blog\/#\/schema\/person\/641201704699678f232e4c8b010c745d"},"headline":"Ag\u00eancia de eventos corporativos em S\u00e3o Paulo","datePublished":"2024-11-09T03:01:56+00:00","dateModified":"2024-11-09T03:01:56+00:00","mainEntityOfPage":{"@id":"https:\/\/www.eventosemsp.com.br\/blog\/agencia-de-eventos-corporativos-em-sao-paulo-64\/"},"wordCount":774,"publisher":{"@id":"https:\/\/www.eventosemsp.com.br\/blog\/#organization"},"articleSection":["Shows"],"inLanguage":"pt-BR"},{"@type":"WebPage","@id":"https:\/\/www.eventosemsp.com.br\/blog\/agencia-de-eventos-corporativos-em-sao-paulo-64\/","url":"https:\/\/www.eventosemsp.com.br\/blog\/agencia-de-eventos-corporativos-em-sao-paulo-64\/","name":"Ag\u00eancia de eventos corporativos em S\u00e3o Paulo - Eventos em SP","isPartOf":{"@id":"https:\/\/www.eventosemsp.com.br\/blog\/#website"},"datePublished":"2024-11-09T03:01:56+00:00","dateModified":"2024-11-09T03:01:56+00:00","breadcrumb":{"@id":"https:\/\/www.eventosemsp.com.br\/blog\/agencia-de-eventos-corporativos-em-sao-paulo-64\/#breadcrumb"},"inLanguage":"pt-BR","potentialAction":[{"@type":"ReadAction","target":["https:\/\/www.eventosemsp.com.br\/blog\/agencia-de-eventos-corporativos-em-sao-paulo-64\/"]}]},{"@type":"BreadcrumbList","@id":"https:\/\/www.eventosemsp.com.br\/blog\/agencia-de-eventos-corporativos-em-sao-paulo-64\/#breadcrumb","itemListElement":[{"@type":"ListItem","position":1,"name":"In\u00edcio","item":"https:\/\/www.eventosemsp.com.br\/blog\/"},{"@type":"ListItem","position":2,"name":"Ag\u00eancia de eventos corporativos em S\u00e3o Paulo"}]},{"@type":"WebSite","@id":"https:\/\/www.eventosemsp.com.br\/blog\/#website","url":"https:\/\/www.eventosemsp.com.br\/blog\/","name":"Eventos em SP","description":"Ag\u00eancia de Eventos Corporativos","publisher":{"@id":"https:\/\/www.eventosemsp.com.br\/blog\/#organization"},"potentialAction":[{"@type":"SearchAction","target":{"@type":"EntryPoint","urlTemplate":"https:\/\/www.eventosemsp.com.br\/blog\/?s={search_term_string}"},"query-input":{"@type":"PropertyValueSpecification","valueRequired":true,"valueName":"search_term_string"}}],"inLanguage":"pt-BR"},{"@type":"Organization","@id":"https:\/\/www.eventosemsp.com.br\/blog\/#organization","name":"Eventos em SP","alternateName":"Ag\u00eancia de Eventos Corporativos em SP","url":"https:\/\/www.eventosemsp.com.br\/blog\/","logo":{"@type":"ImageObject","inLanguage":"pt-BR","@id":"https:\/\/www.eventosemsp.com.br\/blog\/#\/schema\/logo\/image\/","url":"https:\/\/eventosemsp.com.br\/blog\/wp-content\/uploads\/2023\/03\/img-h2-e1684274979287.jpg","contentUrl":"https:\/\/eventosemsp.com.br\/blog\/wp-content\/uploads\/2023\/03\/img-h2-e1684274979287.jpg","width":861,"height":484,"caption":"Eventos em SP"},"image":{"@id":"https:\/\/www.eventosemsp.com.br\/blog\/#\/schema\/logo\/image\/"}},{"@type":"Person","@id":"https:\/\/www.eventosemsp.com.br\/blog\/#\/schema\/person\/641201704699678f232e4c8b010c745d","name":"admin","image":{"@type":"ImageObject","inLanguage":"pt-BR","@id":"https:\/\/www.eventosemsp.com.br\/blog\/#\/schema\/person\/image\/","url":"https:\/\/secure.gravatar.com\/avatar\/ae92580851fb03298934a1b9611b38c6dbe9c76ce20ff6d3222955b1fd38e5da?s=96&d=mm&r=g","contentUrl":"https:\/\/secure.gravatar.com\/avatar\/ae92580851fb03298934a1b9611b38c6dbe9c76ce20ff6d3222955b1fd38e5da?s=96&d=mm&r=g","caption":"admin"},"sameAs":["https:\/\/eventosemsp.com.br\/blog"],"url":"https:\/\/www.eventosemsp.com.br\/blog\/author\/admin\/"}]}},"_links":{"self":[{"href":"https:\/\/www.eventosemsp.com.br\/blog\/wp-json\/wp\/v2\/posts\/712","targetHints":{"allow":["GET"]}}],"collection":[{"href":"https:\/\/www.eventosemsp.com.br\/blog\/wp-json\/wp\/v2\/posts"}],"about":[{"href":"https:\/\/www.eventosemsp.com.br\/blog\/wp-json\/wp\/v2\/types\/post"}],"author":[{"embeddable":true,"href":"https:\/\/www.eventosemsp.com.br\/blog\/wp-json\/wp\/v2\/users\/1"}],"replies":[{"embeddable":true,"href":"https:\/\/www.eventosemsp.com.br\/blog\/wp-json\/wp\/v2\/comments?post=712"}],"version-history":[{"count":0,"href":"https:\/\/www.eventosemsp.com.br\/blog\/wp-json\/wp\/v2\/posts\/712\/revisions"}],"wp:attachment":[{"href":"https:\/\/www.eventosemsp.com.br\/blog\/wp-json\/wp\/v2\/media?parent=712"}],"wp:term":[{"taxonomy":"category","embeddable":true,"href":"https:\/\/www.eventosemsp.com.br\/blog\/wp-json\/wp\/v2\/categories?post=712"},{"taxonomy":"post_tag","embeddable":true,"href":"https:\/\/www.eventosemsp.com.br\/blog\/wp-json\/wp\/v2\/tags?post=712"}],"curies":[{"name":"wp","href":"https:\/\/api.w.org\/{rel}","templated":true}]}}